{"id":3185,"date":"2023-01-19T18:51:30","date_gmt":"2023-01-19T17:51:30","guid":{"rendered":"https:\/\/la-cabane-a-farine.fr\/?p=3185"},"modified":"2023-01-20T10:24:15","modified_gmt":"2023-01-20T09:24:15","slug":"les-madeleines-de-la-cabane-a-farine","status":"publish","type":"post","link":"https:\/\/old.la-cabane-a-farine.fr\/2023\/01\/19\/les-madeleines-de-la-cabane-a-farine\/","title":{"rendered":"Les madeleines de la Cabane \u00e0 farine"},"content":{"rendered":"\t\t<div data-elementor-type=\"wp-post\" data-elementor-id=\"3185\" class=\"elementor elementor-3185\" data-elementor-settings=\"[]\">\n\t\t\t\t\t\t<div class=\"elementor-inner\">\n\t\t\t\t\t\t\t<div class=\"elementor-section-wrap\">\n\t\t\t\t\t\t\t<section class=\"elementor-section elementor-top-section elementor-element elementor-element-87eb2d4 elementor-section-boxed elementor-section-height-default elementor-section-height-default wpr-particle-no wpr-jarallax-no wpr-parallax-no wpr-sticky-section-no\" data-id=\"87eb2d4\" data-element_type=\"section\">\n\t\t\t\t\t\t<div class=\"elementor-container elementor-column-gap-default\">\n\t\t\t\t\t\t\t<div class=\"elementor-row\">\n\t\t\t\t\t<div class=\"elementor-column elementor-col-100 elementor-top-column elementor-element elementor-element-8b9aa85\" data-id=\"8b9aa85\" data-element_type=\"column\">\n\t\t\t<div class=\"elementor-column-wrap elementor-element-populated\">\n\t\t\t\t\t\t\t<div class=\"elementor-widget-wrap\">\n\t\t\t\t\t\t<div class=\"elementor-element elementor-element-ac9e111 elementor-widget elementor-widget-heading\" data-id=\"ac9e111\" data-element_type=\"widget\" data-widget_type=\"heading.default\">\n\t\t\t\t<div class=\"elementor-widget-container\">\n\t\t\t<h2 class=\"elementor-heading-title elementor-size-default\">Les madeleines de la Cabane \u00e0 farine<\/h2>\t\t<\/div>\n\t\t\t\t<\/div>\n\t\t\t\t<div class=\"elementor-element elementor-element-cd25387 elementor-widget elementor-widget-text-editor\" data-id=\"cd25387\" data-element_type=\"widget\" data-widget_type=\"text-editor.default\">\n\t\t\t\t<div class=\"elementor-widget-container\">\n\t\t\t\t\t\t\t\t<div class=\"elementor-text-editor elementor-clearfix\">\n\t\t\t\t<p style=\"text-align: center;\">Pour une vingtaine de madeleines selon la taille des alv\u00e9oles<\/p>\t\t\t\t\t<\/div>\n\t\t\t\t\t\t<\/div>\n\t\t\t\t<\/div>\n\t\t\t\t<section class=\"elementor-section elementor-inner-section elementor-element elementor-element-276af08 elementor-section-boxed elementor-section-height-default elementor-section-height-default wpr-particle-no wpr-jarallax-no wpr-parallax-no wpr-sticky-section-no\" data-id=\"276af08\" data-element_type=\"section\">\n\t\t\t\t\t\t<div class=\"elementor-container elementor-column-gap-default\">\n\t\t\t\t\t\t\t<div class=\"elementor-row\">\n\t\t\t\t\t<div class=\"elementor-column elementor-col-50 elementor-inner-column elementor-element elementor-element-78de5ac\" data-id=\"78de5ac\" data-element_type=\"column\">\n\t\t\t<div class=\"elementor-column-wrap elementor-element-populated\">\n\t\t\t\t\t\t\t<div class=\"elementor-widget-wrap\">\n\t\t\t\t\t\t<div class=\"elementor-element elementor-element-7488c6d elementor-widget elementor-widget-text-editor\" data-id=\"7488c6d\" data-element_type=\"widget\" data-widget_type=\"text-editor.default\">\n\t\t\t\t<div class=\"elementor-widget-container\">\n\t\t\t\t\t\t\t\t<div class=\"elementor-text-editor elementor-clearfix\">\n\t\t\t\t<ul><li>150 g de farine<\/li><li>150 g de beurre<\/li><li>150 g de sucre semoule<\/li><li>2 gros \u0153ufs (115 g)<\/li><\/ul>\t\t\t\t\t<\/div>\n\t\t\t\t\t\t<\/div>\n\t\t\t\t<\/div>\n\t\t\t\t\t\t<\/div>\n\t\t\t\t\t<\/div>\n\t\t<\/div>\n\t\t\t\t<div class=\"elementor-column elementor-col-50 elementor-inner-column elementor-element elementor-element-729a9e8\" data-id=\"729a9e8\" data-element_type=\"column\">\n\t\t\t<div class=\"elementor-column-wrap elementor-element-populated\">\n\t\t\t\t\t\t\t<div class=\"elementor-widget-wrap\">\n\t\t\t\t\t\t<div class=\"elementor-element elementor-element-119d47b elementor-widget elementor-widget-text-editor\" data-id=\"119d47b\" data-element_type=\"widget\" data-widget_type=\"text-editor.default\">\n\t\t\t\t<div class=\"elementor-widget-container\">\n\t\t\t\t\t\t\t\t<div class=\"elementor-text-editor elementor-clearfix\">\n\t\t\t\t<ul><li>45 g de lait<\/li><li>22 g de miel<\/li><li>7 g de levure chimique<\/li><li>zeste r\u00e2p\u00e9 de 1\/4 de citron et 1\/4 d&#8217;orange<\/li><\/ul>\t\t\t\t\t<\/div>\n\t\t\t\t\t\t<\/div>\n\t\t\t\t<\/div>\n\t\t\t\t\t\t<\/div>\n\t\t\t\t\t<\/div>\n\t\t<\/div>\n\t\t\t\t\t\t\t\t<\/div>\n\t\t\t\t\t<\/div>\n\t\t<\/section>\n\t\t\t\t<div class=\"elementor-element elementor-element-2de3aae elementor-widget elementor-widget-text-editor\" data-id=\"2de3aae\" data-element_type=\"widget\" data-widget_type=\"text-editor.default\">\n\t\t\t\t<div class=\"elementor-widget-container\">\n\t\t\t\t\t\t\t\t<div class=\"elementor-text-editor elementor-clearfix\">\n\t\t\t\t<p><span style=\"text-decoration: underline;\"><strong>Pr\u00e9parer<\/strong><strong><span> la<\/span> p\u00e2te la veille et la laisser reposer au frigidaire<\/strong><\/span><\/p><p>Fouettez les \u0153ufs avec le sucre (comme pour une omelette).<\/p><p>Ti\u00e9dir le lait avec le miel et m\u00e9langer aux \u0153ufs avec une spatule.<\/p><p>Ajouter peu \u00e0 peu la farine tamis\u00e9e avec la levure, les zestes en dernier le beurre fondu encore un peu chaud.\u00a0<\/p><p>Mettez au frais en recouvrant le r\u00e9cipient d&#8217;un film alimentaire.<\/p><p>Le lendemain, pr\u00e9chauffez le four \u00e0 210\u00b0C ou 180\u00b0C en chaleur tournante.\u00a0<\/p><p>Remplir les alv\u00e9oles aux 3\/4. (Selon le type de moule, beurrez-fariner ou non les empreintes)<\/p><p>Cuire environ 10 \u00e0 15 minutes selon le four.<\/p><p>Pour que les madeleines forment une bosse, il faut que le four soit bien chaud.<\/p><p>On peut remplacer les zestes par de la vanille, de la fleur d&#8217;oranger ou autre parfum.<\/p>\t\t\t\t\t<\/div>\n\t\t\t\t\t\t<\/div>\n\t\t\t\t<\/div>\n\t\t\t\t<div class=\"elementor-element elementor-element-9d0d043 elementor-align-center elementor-widget elementor-widget-button\" data-id=\"9d0d043\" data-element_type=\"widget\" data-widget_type=\"button.default\">\n\t\t\t\t<div class=\"elementor-widget-container\">\n\t\t\t\t\t<div class=\"elementor-button-wrapper\">\n\t\t\t<a href=\"https:\/\/old.la-cabane-a-farine.fr\/wp-content\/uploads\/2023\/01\/Les-madeleines-de-la-Cabane-a-farine.pdf\" class=\"elementor-button-link elementor-button elementor-size-sm\" role=\"button\">\n\t\t\t\t\t\t<span class=\"elementor-button-content-wrapper\">\n\t\t\t\t\t\t<span class=\"elementor-button-text\">Version imprimable<\/span>\n\t\t<\/span>\n\t\t\t\t\t<\/a>\n\t\t<\/div>\n\t\t\t\t<\/div>\n\t\t\t\t<\/div>\n\t\t\t\t\t\t<\/div>\n\t\t\t\t\t<\/div>\n\t\t<\/div>\n\t\t\t\t\t\t\t\t<\/div>\n\t\t\t\t\t<\/div>\n\t\t<\/section>\n\t\t\t\t\t\t<\/div>\n\t\t\t\t\t\t<\/div>\n\t\t\t\t\t<\/div>\n\t\t","protected":false},"excerpt":{"rendered":"<p>Les madeleines de la Cabane \u00e0 farine Pour une vingtaine de madeleines selon la taille des alv\u00e9oles 150 g de farine 150 g de beurre 150 g de sucre semoule 2 gros \u0153ufs (115 g) 45 g de lait 22 g de miel 7 g de levure chimique zeste r\u00e2p\u00e9<\/p>\n","protected":false},"author":26,"featured_media":0,"comment_status":"closed","ping_status":"open","sticky":false,"template":"","format":"standard","meta":[],"categories":[49],"tags":[],"acf":[],"aioseo_notices":[],"_links":{"self":[{"href":"https:\/\/old.la-cabane-a-farine.fr\/nov-apijson\/wp\/v2\/posts\/3185"}],"collection":[{"href":"https:\/\/old.la-cabane-a-farine.fr\/nov-apijson\/wp\/v2\/posts"}],"about":[{"href":"https:\/\/old.la-cabane-a-farine.fr\/nov-apijson\/wp\/v2\/types\/post"}],"author":[{"embeddable":true,"href":"https:\/\/old.la-cabane-a-farine.fr\/nov-apijson\/wp\/v2\/users\/26"}],"replies":[{"embeddable":true,"href":"https:\/\/old.la-cabane-a-farine.fr\/nov-apijson\/wp\/v2\/comments?post=3185"}],"version-history":[{"count":16,"href":"https:\/\/old.la-cabane-a-farine.fr\/nov-apijson\/wp\/v2\/posts\/3185\/revisions"}],"predecessor-version":[{"id":3202,"href":"https:\/\/old.la-cabane-a-farine.fr\/nov-apijson\/wp\/v2\/posts\/3185\/revisions\/3202"}],"wp:attachment":[{"href":"https:\/\/old.la-cabane-a-farine.fr\/nov-apijson\/wp\/v2\/media?parent=3185"}],"wp:term":[{"taxonomy":"category","embeddable":true,"href":"https:\/\/old.la-cabane-a-farine.fr\/nov-apijson\/wp\/v2\/categories?post=3185"},{"taxonomy":"post_tag","embeddable":true,"href":"https:\/\/old.la-cabane-a-farine.fr\/nov-apijson\/wp\/v2\/tags?post=3185"}],"curies":[{"name":"wp","href":"https:\/\/api.w.org\/{rel}","templated":true}]}}