{"id":3170,"date":"2023-01-19T17:25:01","date_gmt":"2023-01-19T16:25:01","guid":{"rendered":"https:\/\/la-cabane-a-farine.fr\/?p=3170"},"modified":"2023-01-19T17:25:45","modified_gmt":"2023-01-19T16:25:45","slug":"butternut-farcie-a-lepeaurito-et-au-munster","status":"publish","type":"post","link":"https:\/\/old.la-cabane-a-farine.fr\/2023\/01\/19\/butternut-farcie-a-lepeaurito-et-au-munster\/","title":{"rendered":"Butternut farcie \u00e0 l&#8217;\u00e9peau&#8217;rito et au munster"},"content":{"rendered":"\t\t<div data-elementor-type=\"wp-post\" data-elementor-id=\"3170\" class=\"elementor elementor-3170\" data-elementor-settings=\"[]\">\n\t\t\t\t\t\t<div class=\"elementor-inner\">\n\t\t\t\t\t\t\t<div class=\"elementor-section-wrap\">\n\t\t\t\t\t\t\t<section class=\"elementor-section elementor-top-section elementor-element elementor-element-28364e2 elementor-section-boxed elementor-section-height-default elementor-section-height-default wpr-particle-no wpr-jarallax-no wpr-parallax-no wpr-sticky-section-no\" data-id=\"28364e2\" data-element_type=\"section\">\n\t\t\t\t\t\t<div class=\"elementor-container elementor-column-gap-default\">\n\t\t\t\t\t\t\t<div class=\"elementor-row\">\n\t\t\t\t\t<div class=\"elementor-column elementor-col-100 elementor-top-column elementor-element elementor-element-0ee5b98\" data-id=\"0ee5b98\" data-element_type=\"column\">\n\t\t\t<div class=\"elementor-column-wrap elementor-element-populated\">\n\t\t\t\t\t\t\t<div class=\"elementor-widget-wrap\">\n\t\t\t\t\t\t<div class=\"elementor-element elementor-element-4076dcd elementor-widget elementor-widget-heading\" data-id=\"4076dcd\" data-element_type=\"widget\" data-widget_type=\"heading.default\">\n\t\t\t\t<div class=\"elementor-widget-container\">\n\t\t\t<h2 class=\"elementor-heading-title elementor-size-default\">Butternut farcie \u00e0 l'\u00e9peau'rito et au munster<\/h2>\t\t<\/div>\n\t\t\t\t<\/div>\n\t\t\t\t<div class=\"elementor-element elementor-element-ce5ab64 elementor-widget elementor-widget-text-editor\" data-id=\"ce5ab64\" data-element_type=\"widget\" data-widget_type=\"text-editor.default\">\n\t\t\t\t<div class=\"elementor-widget-container\">\n\t\t\t\t\t\t\t\t<div class=\"elementor-text-editor elementor-clearfix\">\n\t\t\t\t<p style=\"text-align: center;\">Ingr\u00e9dients pour 4 personnes<\/p>\t\t\t\t\t<\/div>\n\t\t\t\t\t\t<\/div>\n\t\t\t\t<\/div>\n\t\t\t\t<section class=\"elementor-section elementor-inner-section elementor-element elementor-element-a9cc55c elementor-section-boxed elementor-section-height-default elementor-section-height-default wpr-particle-no wpr-jarallax-no wpr-parallax-no wpr-sticky-section-no\" data-id=\"a9cc55c\" data-element_type=\"section\">\n\t\t\t\t\t\t<div class=\"elementor-container elementor-column-gap-default\">\n\t\t\t\t\t\t\t<div class=\"elementor-row\">\n\t\t\t\t\t<div class=\"elementor-column elementor-col-50 elementor-inner-column elementor-element elementor-element-89804b8\" data-id=\"89804b8\" data-element_type=\"column\">\n\t\t\t<div class=\"elementor-column-wrap elementor-element-populated\">\n\t\t\t\t\t\t\t<div class=\"elementor-widget-wrap\">\n\t\t\t\t\t\t<div class=\"elementor-element elementor-element-69250f9 elementor-widget elementor-widget-text-editor\" data-id=\"69250f9\" data-element_type=\"widget\" data-widget_type=\"text-editor.default\">\n\t\t\t\t<div class=\"elementor-widget-container\">\n\t\t\t\t\t\t\t\t<div class=\"elementor-text-editor elementor-clearfix\">\n\t\t\t\t<ul><li>2 petites courges butternut<\/li><li>250 g d&#8217;<a href=\"https:\/\/old.la-cabane-a-farine.fr\/produit\/epeaurito\/\" target=\"_blank\" rel=\"noopener\">\u00e9peau&#8217;rito<\/a><\/li><li>125 g de munster<\/li><li>125 ml de cr\u00e8me fra\u00eeche liquide<\/li><li>1 tomate<\/li><\/ul>\t\t\t\t\t<\/div>\n\t\t\t\t\t\t<\/div>\n\t\t\t\t<\/div>\n\t\t\t\t\t\t<\/div>\n\t\t\t\t\t<\/div>\n\t\t<\/div>\n\t\t\t\t<div class=\"elementor-column elementor-col-50 elementor-inner-column elementor-element elementor-element-504c688\" data-id=\"504c688\" data-element_type=\"column\">\n\t\t\t<div class=\"elementor-column-wrap elementor-element-populated\">\n\t\t\t\t\t\t\t<div class=\"elementor-widget-wrap\">\n\t\t\t\t\t\t<div class=\"elementor-element elementor-element-71304eb elementor-widget elementor-widget-text-editor\" data-id=\"71304eb\" data-element_type=\"widget\" data-widget_type=\"text-editor.default\">\n\t\t\t\t<div class=\"elementor-widget-container\">\n\t\t\t\t\t\t\t\t<div class=\"elementor-text-editor elementor-clearfix\">\n\t\t\t\t<ul><li>1 gousse d&#8217;ail<\/li><li>2 c. \u00e0 soupe de ciboulette cisel\u00e9e<\/li><li>2 c. \u00e0 soupe d&#8217;huile d&#8217;olive<\/li><li>sel, poivre<\/li><\/ul>\t\t\t\t\t<\/div>\n\t\t\t\t\t\t<\/div>\n\t\t\t\t<\/div>\n\t\t\t\t\t\t<\/div>\n\t\t\t\t\t<\/div>\n\t\t<\/div>\n\t\t\t\t\t\t\t\t<\/div>\n\t\t\t\t\t<\/div>\n\t\t<\/section>\n\t\t\t\t<div class=\"elementor-element elementor-element-969be79 elementor-widget elementor-widget-text-editor\" data-id=\"969be79\" data-element_type=\"widget\" data-widget_type=\"text-editor.default\">\n\t\t\t\t<div class=\"elementor-widget-container\">\n\t\t\t\t\t\t\t\t<div class=\"elementor-text-editor elementor-clearfix\">\n\t\t\t\t<p style=\"margin: 0cm 0cm 11.25pt; background-image: initial; background-position: initial; background-size: initial; background-repeat: initial; background-attachment: initial; background-origin: initial; background-clip: initial;\"><span style=\"font-size: 13.5pt;\">Pr\u00e9chauffez le four th.6 (170\u00b0C)<o:p><\/o:p><\/span><\/p><p style=\"margin: 0cm 0cm 11.25pt; background-image: initial; background-position: initial; background-size: initial; background-repeat: initial; background-attachment: initial; background-origin: initial; background-clip: initial;\"><span style=\"font-size: 13.5pt;\">Laver les courges butternut et les poser dans une plaque de cuisson sur un lit de gros sel. Mettre la plaque au four pendant 1 heure. A l&#8217;issue, retournez les courges et laissez de nouveau cuire pendant 1 heure.<\/span><o:p><\/o:p><\/p><p style=\"margin: 0cm 0cm 11.25pt; background-image: initial; background-position: initial; background-size: initial; background-repeat: initial; background-attachment: initial; background-origin: initial; background-clip: initial;\"><span style=\"font-size: inherit;\"><span style=\"font-size: 13.5pt;\">A l&#8217;issue, sortir la plaque du four, laissez refroidir pendant 20 minutes et coupez les courges en 2. Pr\u00e9levez la pulpe et r\u00e9servez.<\/span><o:p><\/o:p><\/span><\/p><p style=\"margin: 0cm 0cm 11.25pt; background-image: initial; background-position: initial; background-size: initial; background-repeat: initial; background-attachment: initial; background-origin: initial; background-clip: initial;\"><span style=\"font-size: inherit;\"><span style=\"font-size: 13.5pt;\">Pr\u00e9parez l&#8217;<a href=\"https:\/\/old.la-cabane-a-farine.fr\/produit\/epeaurito\/\" target=\"_blank\" style=\"transition-property: all;\" rel=\"noopener\">\u00e9peau&#8217;rito<\/a>\u00a0en suivant les instructions du paquet.<\/span><o:p><\/o:p><\/span><\/p><p style=\"margin: 0cm 0cm 11.25pt; background-image: initial; background-position: initial; background-size: initial; background-repeat: initial; background-attachment: initial; background-origin: initial; background-clip: initial;\"><span style=\"font-size: inherit;\"><span style=\"font-size: 13.5pt;\">Pendant ce temps, pelez et hachez l&#8217;ail.\u00a0<\/span><o:p><\/o:p><\/span><\/p><p style=\"margin: 0cm 0cm 11.25pt; background-image: initial; background-position: initial; background-size: initial; background-repeat: initial; background-attachment: initial; background-origin: initial; background-clip: initial;\"><span style=\"font-size: inherit;\"><span style=\"font-size: 13.5pt;\">Faites chauffer la cr\u00e8me fra\u00eeche liquide avec l&#8217;ail hach\u00e9 dans une casserole sur feu moyen.<\/span><o:p><\/o:p><\/span><\/p><p style=\"margin: 0cm 0cm 11.25pt; background-image: initial; background-position: initial; background-size: initial; background-repeat: initial; background-attachment: initial; background-origin: initial; background-clip: initial;\"><span style=\"font-size: inherit;\"><span style=\"font-size: 13.5pt;\">Ajoutez le munster et m\u00e9langez jusqu&#8217;\u00e0 ce qu&#8217;il soit fondu.<\/span><o:p><\/o:p><\/span><\/p><p style=\"margin: 0cm 0cm 11.25pt; background-image: initial; background-position: initial; background-size: initial; background-repeat: initial; background-attachment: initial; background-origin: initial; background-clip: initial;\"><span style=\"font-size: inherit;\"><span style=\"font-size: 13.5pt;\">Incorporez alors l&#8217;<a href=\"https:\/\/old.la-cabane-a-farine.fr\/produit\/epeaurito\/\" target=\"_blank\" style=\"transition-property: all;\" rel=\"noopener\">\u00e9peau&#8217;rito<\/a>\u00a0cuit, la pulpe de courge r\u00e9serv\u00e9e, salez et poivrez selon vos go\u00fbts.<\/span><o:p><\/o:p><\/span><\/p><p style=\"margin: 0cm 0cm 11.25pt; background-image: initial; background-position: initial; background-size: initial; background-repeat: initial; background-attachment: initial; background-origin: initial; background-clip: initial;\"><span style=\"font-size: inherit;\"><span style=\"font-size: 13.5pt;\">Lavez et coupez la tomate en petits d\u00e9s. R\u00e9partissez-les dans le fond des demies courges \u00e9vid\u00e9es. Ajoutez la pr\u00e9paration \u00e0 l&#8217;<a href=\"https:\/\/old.la-cabane-a-farine.fr\/produit\/epeaurito\/\" target=\"_blank\" style=\"transition-property: all;\" rel=\"noopener\">\u00e9peau&#8217;rito<\/a>\u00a0et au fromage par-dessus.<\/span><o:p><\/o:p><\/span><\/p><p style=\"margin: 0cm 0cm 11.25pt; background-image: initial; background-position: initial; background-size: initial; background-repeat: initial; background-attachment: initial; background-origin: initial; background-clip: initial;\"><span style=\"font-size: inherit;\"><span style=\"font-size: 13.5pt;\">Fa\u00eetes gratiner au four 3 \u00e0 4 minutes.<\/span><o:p><\/o:p><\/span><\/p><p><\/p><p style=\"margin: 0cm 0cm 11.25pt; background-image: initial; background-position: initial; background-size: initial; background-repeat: initial; background-attachment: initial; background-origin: initial; background-clip: initial;\"><span style=\"font-size: inherit;\"><span style=\"font-size: 13.5pt;\">Servez de suite parsem\u00e9e de ciboulette cisel\u00e9e et arros\u00e9e d&#8217;un filet d&#8217;huile d&#8217;olive.<\/span><o:p><\/o:p><\/span><\/p>\t\t\t\t\t<\/div>\n\t\t\t\t\t\t<\/div>\n\t\t\t\t<\/div>\n\t\t\t\t<div class=\"elementor-element elementor-element-18022af elementor-align-center elementor-widget elementor-widget-button\" data-id=\"18022af\" data-element_type=\"widget\" data-widget_type=\"button.default\">\n\t\t\t\t<div class=\"elementor-widget-container\">\n\t\t\t\t\t<div class=\"elementor-button-wrapper\">\n\t\t\t<a href=\"https:\/\/old.la-cabane-a-farine.fr\/wp-content\/uploads\/2023\/01\/Butternut-farcie-a-lepeaurito-et-au-munster.pdf\" class=\"elementor-button-link elementor-button elementor-size-sm\" role=\"button\">\n\t\t\t\t\t\t<span class=\"elementor-button-content-wrapper\">\n\t\t\t\t\t\t<span class=\"elementor-button-text\">Version imprimable<\/span>\n\t\t<\/span>\n\t\t\t\t\t<\/a>\n\t\t<\/div>\n\t\t\t\t<\/div>\n\t\t\t\t<\/div>\n\t\t\t\t\t\t<\/div>\n\t\t\t\t\t<\/div>\n\t\t<\/div>\n\t\t\t\t\t\t\t\t<\/div>\n\t\t\t\t\t<\/div>\n\t\t<\/section>\n\t\t\t\t\t\t<\/div>\n\t\t\t\t\t\t<\/div>\n\t\t\t\t\t<\/div>\n\t\t","protected":false},"excerpt":{"rendered":"<p>Butternut farcie \u00e0 l&#8217;\u00e9peau&#8217;rito et au munster Ingr\u00e9dients pour 4 personnes 2 petites courges butternut 250 g d&#8217;\u00e9peau&#8217;rito 125 g de munster 125 ml de cr\u00e8me fra\u00eeche liquide 1 tomate 1 gousse d&#8217;ail 2 c. \u00e0 soupe de ciboulette cisel\u00e9e 2 c. \u00e0 soupe d&#8217;huile d&#8217;olive sel, poivre Pr\u00e9chauffez le<\/p>\n","protected":false},"author":26,"featured_media":0,"comment_status":"closed","ping_status":"open","sticky":false,"template":"","format":"standard","meta":[],"categories":[49],"tags":[],"acf":[],"aioseo_notices":[],"_links":{"self":[{"href":"https:\/\/old.la-cabane-a-farine.fr\/nov-apijson\/wp\/v2\/posts\/3170"}],"collection":[{"href":"https:\/\/old.la-cabane-a-farine.fr\/nov-apijson\/wp\/v2\/posts"}],"about":[{"href":"https:\/\/old.la-cabane-a-farine.fr\/nov-apijson\/wp\/v2\/types\/post"}],"author":[{"embeddable":true,"href":"https:\/\/old.la-cabane-a-farine.fr\/nov-apijson\/wp\/v2\/users\/26"}],"replies":[{"embeddable":true,"href":"https:\/\/old.la-cabane-a-farine.fr\/nov-apijson\/wp\/v2\/comments?post=3170"}],"version-history":[{"count":10,"href":"https:\/\/old.la-cabane-a-farine.fr\/nov-apijson\/wp\/v2\/posts\/3170\/revisions"}],"predecessor-version":[{"id":3181,"href":"https:\/\/old.la-cabane-a-farine.fr\/nov-apijson\/wp\/v2\/posts\/3170\/revisions\/3181"}],"wp:attachment":[{"href":"https:\/\/old.la-cabane-a-farine.fr\/nov-apijson\/wp\/v2\/media?parent=3170"}],"wp:term":[{"taxonomy":"category","embeddable":true,"href":"https:\/\/old.la-cabane-a-farine.fr\/nov-apijson\/wp\/v2\/categories?post=3170"},{"taxonomy":"post_tag","embeddable":true,"href":"https:\/\/old.la-cabane-a-farine.fr\/nov-apijson\/wp\/v2\/tags?post=3170"}],"curies":[{"name":"wp","href":"https:\/\/api.w.org\/{rel}","templated":true}]}}