{"id":3161,"date":"2023-01-19T17:06:55","date_gmt":"2023-01-19T16:06:55","guid":{"rendered":"https:\/\/la-cabane-a-farine.fr\/?p=3161"},"modified":"2023-01-19T17:08:59","modified_gmt":"2023-01-19T16:08:59","slug":"bouillon-de-pates-aux-cepes-et-aux-champignons-de-paris","status":"publish","type":"post","link":"https:\/\/old.la-cabane-a-farine.fr\/2023\/01\/19\/bouillon-de-pates-aux-cepes-et-aux-champignons-de-paris\/","title":{"rendered":"Bouillon de p\u00e2tes aux c\u00e8pes et aux champignons de Paris"},"content":{"rendered":"\t\t<div data-elementor-type=\"wp-post\" data-elementor-id=\"3161\" class=\"elementor elementor-3161\" data-elementor-settings=\"[]\">\n\t\t\t\t\t\t<div class=\"elementor-inner\">\n\t\t\t\t\t\t\t<div class=\"elementor-section-wrap\">\n\t\t\t\t\t\t\t<section class=\"elementor-section elementor-top-section elementor-element elementor-element-58a045a elementor-section-boxed elementor-section-height-default elementor-section-height-default wpr-particle-no wpr-jarallax-no wpr-parallax-no wpr-sticky-section-no\" data-id=\"58a045a\" data-element_type=\"section\">\n\t\t\t\t\t\t<div class=\"elementor-container elementor-column-gap-default\">\n\t\t\t\t\t\t\t<div class=\"elementor-row\">\n\t\t\t\t\t<div class=\"elementor-column elementor-col-100 elementor-top-column elementor-element elementor-element-4f08165\" data-id=\"4f08165\" data-element_type=\"column\">\n\t\t\t<div class=\"elementor-column-wrap elementor-element-populated\">\n\t\t\t\t\t\t\t<div class=\"elementor-widget-wrap\">\n\t\t\t\t\t\t<div class=\"elementor-element elementor-element-cc4a935 elementor-widget elementor-widget-heading\" data-id=\"cc4a935\" data-element_type=\"widget\" data-widget_type=\"heading.default\">\n\t\t\t\t<div class=\"elementor-widget-container\">\n\t\t\t<h2 class=\"elementor-heading-title elementor-size-default\">Bouillon de p\u00e2tes aux c\u00e8pes et aux champignons de Paris<\/h2>\t\t<\/div>\n\t\t\t\t<\/div>\n\t\t\t\t<div class=\"elementor-element elementor-element-cde277c elementor-widget elementor-widget-text-editor\" data-id=\"cde277c\" data-element_type=\"widget\" data-widget_type=\"text-editor.default\">\n\t\t\t\t<div class=\"elementor-widget-container\">\n\t\t\t\t\t\t\t\t<div class=\"elementor-text-editor elementor-clearfix\">\n\t\t\t\t<p style=\"text-align: center;\">Ingr\u00e9dients pour 4 personnes<\/p>\t\t\t\t\t<\/div>\n\t\t\t\t\t\t<\/div>\n\t\t\t\t<\/div>\n\t\t\t\t<section class=\"elementor-section elementor-inner-section elementor-element elementor-element-1815017 elementor-section-boxed elementor-section-height-default elementor-section-height-default wpr-particle-no wpr-jarallax-no wpr-parallax-no wpr-sticky-section-no\" data-id=\"1815017\" data-element_type=\"section\">\n\t\t\t\t\t\t<div class=\"elementor-container elementor-column-gap-default\">\n\t\t\t\t\t\t\t<div class=\"elementor-row\">\n\t\t\t\t\t<div class=\"elementor-column elementor-col-50 elementor-inner-column elementor-element elementor-element-2f5e56d\" data-id=\"2f5e56d\" data-element_type=\"column\">\n\t\t\t<div class=\"elementor-column-wrap elementor-element-populated\">\n\t\t\t\t\t\t\t<div class=\"elementor-widget-wrap\">\n\t\t\t\t\t\t<div class=\"elementor-element elementor-element-c3c0bf1 elementor-widget elementor-widget-text-editor\" data-id=\"c3c0bf1\" data-element_type=\"widget\" data-widget_type=\"text-editor.default\">\n\t\t\t\t<div class=\"elementor-widget-container\">\n\t\t\t\t\t\t\t\t<div class=\"elementor-text-editor elementor-clearfix\">\n\t\t\t\t<ul><li>125 g de <a href=\"https:\/\/old.la-cabane-a-farine.fr\/produit\/belles-des-champs-cepes\/\" target=\"_blank\" rel=\"noopener\">p\u00e2tes aux c\u00e8pes<\/a><\/li><li>90 g de beurre<\/li><li>2 gousses d&#8217;ail \u00e9minc\u00e9es<\/li><li>2 gros oignons \u00e9minc\u00e9s<\/li><\/ul>\t\t\t\t\t<\/div>\n\t\t\t\t\t\t<\/div>\n\t\t\t\t<\/div>\n\t\t\t\t\t\t<\/div>\n\t\t\t\t\t<\/div>\n\t\t<\/div>\n\t\t\t\t<div class=\"elementor-column elementor-col-50 elementor-inner-column elementor-element elementor-element-7ef6dad\" data-id=\"7ef6dad\" data-element_type=\"column\">\n\t\t\t<div class=\"elementor-column-wrap elementor-element-populated\">\n\t\t\t\t\t\t\t<div class=\"elementor-widget-wrap\">\n\t\t\t\t\t\t<div class=\"elementor-element elementor-element-5c4491f elementor-widget elementor-widget-text-editor\" data-id=\"5c4491f\" data-element_type=\"widget\" data-widget_type=\"text-editor.default\">\n\t\t\t\t<div class=\"elementor-widget-container\">\n\t\t\t\t\t\t\t\t<div class=\"elementor-text-editor elementor-clearfix\">\n\t\t\t\t<ul><li>375 g de champignons de Paris finement \u00e9minc\u00e9s<\/li><li>1,25 l de bouillon de volaille<\/li><li>300 g de cr\u00e8me liquide<\/li><\/ul>\t\t\t\t\t<\/div>\n\t\t\t\t\t\t<\/div>\n\t\t\t\t<\/div>\n\t\t\t\t\t\t<\/div>\n\t\t\t\t\t<\/div>\n\t\t<\/div>\n\t\t\t\t\t\t\t\t<\/div>\n\t\t\t\t\t<\/div>\n\t\t<\/section>\n\t\t\t\t<div class=\"elementor-element elementor-element-9334558 elementor-widget elementor-widget-text-editor\" data-id=\"9334558\" data-element_type=\"widget\" data-widget_type=\"text-editor.default\">\n\t\t\t\t<div class=\"elementor-widget-container\">\n\t\t\t\t\t\t\t\t<div class=\"elementor-text-editor elementor-clearfix\">\n\t\t\t\t<p>Faites fondre le beurre \u00e0 feu doux et y faire revenir l&#8217;ail et l&#8217;oignon pendant 1 minute.<\/p><p>Ajouter les champignons de Paris \u00e9minc\u00e9s et faire cuire pendant 5 minutes \u00e0 petit feu.<\/p><p>Verser le bouillon de volaille pr\u00e9par\u00e9 \u00e0 l&#8217;avance et continuer la cuisson pendant 10 minutes.<\/p><p>Pendant ce temps, cuire les <a href=\"https:\/\/old.la-cabane-a-farine.fr\/produit\/belles-des-champs-cepes\/\" target=\"_blank\" rel=\"noopener\">p\u00e2tes aux c\u00e8pes<\/a>\u00a0selon les indications du paquet, les \u00e9goutter et les r\u00e9server.<\/p><p>Passez au mixeur les champignons de Paris.<\/p><p>Remettre les champignons hach\u00e9s dans la casserole et incorporer les <a href=\"https:\/\/old.la-cabane-a-farine.fr\/produit\/belles-des-champs-cepes\/\" target=\"_blank\" rel=\"noopener\">p\u00e2tes aux c\u00e8pes<\/a> ainsi que la cr\u00e8me liquide.<\/p>\t\t\t\t\t<\/div>\n\t\t\t\t\t\t<\/div>\n\t\t\t\t<\/div>\n\t\t\t\t<div class=\"elementor-element elementor-element-503e6e1 elementor-align-center elementor-widget elementor-widget-button\" data-id=\"503e6e1\" data-element_type=\"widget\" data-widget_type=\"button.default\">\n\t\t\t\t<div class=\"elementor-widget-container\">\n\t\t\t\t\t<div class=\"elementor-button-wrapper\">\n\t\t\t<a href=\"https:\/\/old.la-cabane-a-farine.fr\/wp-content\/uploads\/2023\/01\/Bouillon-de-pates-aux-cepes-et-aux-champignons-de-Paris.pdf\" class=\"elementor-button-link elementor-button elementor-size-sm\" role=\"button\">\n\t\t\t\t\t\t<span class=\"elementor-button-content-wrapper\">\n\t\t\t\t\t\t<span class=\"elementor-button-text\">Version imprimable<\/span>\n\t\t<\/span>\n\t\t\t\t\t<\/a>\n\t\t<\/div>\n\t\t\t\t<\/div>\n\t\t\t\t<\/div>\n\t\t\t\t\t\t<\/div>\n\t\t\t\t\t<\/div>\n\t\t<\/div>\n\t\t\t\t\t\t\t\t<\/div>\n\t\t\t\t\t<\/div>\n\t\t<\/section>\n\t\t\t\t\t\t<\/div>\n\t\t\t\t\t\t<\/div>\n\t\t\t\t\t<\/div>\n\t\t","protected":false},"excerpt":{"rendered":"<p>Bouillon de p\u00e2tes aux c\u00e8pes et aux champignons de Paris Ingr\u00e9dients pour 4 personnes 125 g de p\u00e2tes aux c\u00e8pes 90 g de beurre 2 gousses d&#8217;ail \u00e9minc\u00e9es 2 gros oignons \u00e9minc\u00e9s 375 g de champignons de Paris finement \u00e9minc\u00e9s 1,25 l de bouillon de volaille 300 g de cr\u00e8me<\/p>\n","protected":false},"author":26,"featured_media":0,"comment_status":"closed","ping_status":"open","sticky":false,"template":"","format":"standard","meta":[],"categories":[49],"tags":[],"acf":[],"aioseo_notices":[],"_links":{"self":[{"href":"https:\/\/old.la-cabane-a-farine.fr\/nov-apijson\/wp\/v2\/posts\/3161"}],"collection":[{"href":"https:\/\/old.la-cabane-a-farine.fr\/nov-apijson\/wp\/v2\/posts"}],"about":[{"href":"https:\/\/old.la-cabane-a-farine.fr\/nov-apijson\/wp\/v2\/types\/post"}],"author":[{"embeddable":true,"href":"https:\/\/old.la-cabane-a-farine.fr\/nov-apijson\/wp\/v2\/users\/26"}],"replies":[{"embeddable":true,"href":"https:\/\/old.la-cabane-a-farine.fr\/nov-apijson\/wp\/v2\/comments?post=3161"}],"version-history":[{"count":7,"href":"https:\/\/old.la-cabane-a-farine.fr\/nov-apijson\/wp\/v2\/posts\/3161\/revisions"}],"predecessor-version":[{"id":3169,"href":"https:\/\/old.la-cabane-a-farine.fr\/nov-apijson\/wp\/v2\/posts\/3161\/revisions\/3169"}],"wp:attachment":[{"href":"https:\/\/old.la-cabane-a-farine.fr\/nov-apijson\/wp\/v2\/media?parent=3161"}],"wp:term":[{"taxonomy":"category","embeddable":true,"href":"https:\/\/old.la-cabane-a-farine.fr\/nov-apijson\/wp\/v2\/categories?post=3161"},{"taxonomy":"post_tag","embeddable":true,"href":"https:\/\/old.la-cabane-a-farine.fr\/nov-apijson\/wp\/v2\/tags?post=3161"}],"curies":[{"name":"wp","href":"https:\/\/api.w.org\/{rel}","templated":true}]}}