{"id":3129,"date":"2023-01-19T16:20:18","date_gmt":"2023-01-19T15:20:18","guid":{"rendered":"https:\/\/la-cabane-a-farine.fr\/?p=3129"},"modified":"2023-01-19T16:22:45","modified_gmt":"2023-01-19T15:22:45","slug":"pates-depeautre-au-four-lard-et-jambon-hache-mozzarella","status":"publish","type":"post","link":"https:\/\/old.la-cabane-a-farine.fr\/2023\/01\/19\/pates-depeautre-au-four-lard-et-jambon-hache-mozzarella\/","title":{"rendered":"P\u00e2tes d\u2019\u00e9peautre au four, lard et jambon hach\u00e9, mozzarella"},"content":{"rendered":"\t\t<div data-elementor-type=\"wp-post\" data-elementor-id=\"3129\" class=\"elementor elementor-3129\" data-elementor-settings=\"[]\">\n\t\t\t\t\t\t<div class=\"elementor-inner\">\n\t\t\t\t\t\t\t<div class=\"elementor-section-wrap\">\n\t\t\t\t\t\t\t<section class=\"elementor-section elementor-top-section elementor-element elementor-element-25fda9e elementor-section-boxed elementor-section-height-default elementor-section-height-default wpr-particle-no wpr-jarallax-no wpr-parallax-no wpr-sticky-section-no\" data-id=\"25fda9e\" data-element_type=\"section\">\n\t\t\t\t\t\t<div class=\"elementor-container elementor-column-gap-default\">\n\t\t\t\t\t\t\t<div class=\"elementor-row\">\n\t\t\t\t\t<div class=\"elementor-column elementor-col-100 elementor-top-column elementor-element elementor-element-e42fbd3\" data-id=\"e42fbd3\" data-element_type=\"column\">\n\t\t\t<div class=\"elementor-column-wrap elementor-element-populated\">\n\t\t\t\t\t\t\t<div class=\"elementor-widget-wrap\">\n\t\t\t\t\t\t<div class=\"elementor-element elementor-element-c381dae elementor-widget elementor-widget-heading\" data-id=\"c381dae\" data-element_type=\"widget\" data-widget_type=\"heading.default\">\n\t\t\t\t<div class=\"elementor-widget-container\">\n\t\t\t<h2 class=\"elementor-heading-title elementor-size-default\">P\u00e2tes d'\u00e9peautre au four, lard et jambon hach\u00e9, mozzarella<\/h2>\t\t<\/div>\n\t\t\t\t<\/div>\n\t\t\t\t<div class=\"elementor-element elementor-element-135a55a elementor-widget elementor-widget-text-editor\" data-id=\"135a55a\" data-element_type=\"widget\" data-widget_type=\"text-editor.default\">\n\t\t\t\t<div class=\"elementor-widget-container\">\n\t\t\t\t\t\t\t\t<div class=\"elementor-text-editor elementor-clearfix\">\n\t\t\t\t<p style=\"text-align: center;\">Ingr\u00e9dients pour 4 personnes<\/p>\t\t\t\t\t<\/div>\n\t\t\t\t\t\t<\/div>\n\t\t\t\t<\/div>\n\t\t\t\t<section class=\"elementor-section elementor-inner-section elementor-element elementor-element-41b3877 elementor-section-boxed elementor-section-height-default elementor-section-height-default wpr-particle-no wpr-jarallax-no wpr-parallax-no wpr-sticky-section-no\" data-id=\"41b3877\" data-element_type=\"section\">\n\t\t\t\t\t\t<div class=\"elementor-container elementor-column-gap-default\">\n\t\t\t\t\t\t\t<div class=\"elementor-row\">\n\t\t\t\t\t<div class=\"elementor-column elementor-col-50 elementor-inner-column elementor-element elementor-element-a402568\" data-id=\"a402568\" data-element_type=\"column\">\n\t\t\t<div class=\"elementor-column-wrap elementor-element-populated\">\n\t\t\t\t\t\t\t<div class=\"elementor-widget-wrap\">\n\t\t\t\t\t\t<div class=\"elementor-element elementor-element-218c107 elementor-widget elementor-widget-text-editor\" data-id=\"218c107\" data-element_type=\"widget\" data-widget_type=\"text-editor.default\">\n\t\t\t\t<div class=\"elementor-widget-container\">\n\t\t\t\t\t\t\t\t<div class=\"elementor-text-editor elementor-clearfix\">\n\t\t\t\t<ul><li>250 g de p\u00e2tes \u00e0 l&#8217;\u00e9peautre<\/li><li>1 oignon \u00e9minc\u00e9<\/li><li>Huile de colza<\/li><li>125 g de lard hach\u00e9<\/li><li>125 g de jambon hach\u00e9<\/li><li>4 \u0153ufs\u00a0<\/li><\/ul>\t\t\t\t\t<\/div>\n\t\t\t\t\t\t<\/div>\n\t\t\t\t<\/div>\n\t\t\t\t\t\t<\/div>\n\t\t\t\t\t<\/div>\n\t\t<\/div>\n\t\t\t\t<div class=\"elementor-column elementor-col-50 elementor-inner-column elementor-element elementor-element-1c45aa1\" data-id=\"1c45aa1\" data-element_type=\"column\">\n\t\t\t<div class=\"elementor-column-wrap elementor-element-populated\">\n\t\t\t\t\t\t\t<div class=\"elementor-widget-wrap\">\n\t\t\t\t\t\t<div class=\"elementor-element elementor-element-9040f2c elementor-widget elementor-widget-text-editor\" data-id=\"9040f2c\" data-element_type=\"widget\" data-widget_type=\"text-editor.default\">\n\t\t\t\t<div class=\"elementor-widget-container\">\n\t\t\t\t\t\t\t\t<div class=\"elementor-text-editor elementor-clearfix\">\n\t\t\t\t<ul><li>250 g de lait<\/li><li>250 g de cr\u00e8me liquide<\/li><li>Herbes fra\u00eeches cisel\u00e9es<\/li><li>125 g de tome r\u00e2p\u00e9<\/li><li>125 g de mozzarella<\/li><\/ul>\t\t\t\t\t<\/div>\n\t\t\t\t\t\t<\/div>\n\t\t\t\t<\/div>\n\t\t\t\t\t\t<\/div>\n\t\t\t\t\t<\/div>\n\t\t<\/div>\n\t\t\t\t\t\t\t\t<\/div>\n\t\t\t\t\t<\/div>\n\t\t<\/section>\n\t\t\t\t<div class=\"elementor-element elementor-element-2bc7536 elementor-widget elementor-widget-text-editor\" data-id=\"2bc7536\" data-element_type=\"widget\" data-widget_type=\"text-editor.default\">\n\t\t\t\t<div class=\"elementor-widget-container\">\n\t\t\t\t\t\t\t\t<div class=\"elementor-text-editor elementor-clearfix\">\n\t\t\t\t<p>Cuire les p\u00e2tes selon les indications du paquet, les \u00e9goutter et les mettre en une couche dans un plat allant au four.<\/p><p>Mettre l&#8217;huile dans une casserole et y faire revenir l&#8217;oignon \u00e0 feu doux.<\/p><p>Incorporer le lard hach\u00e9 et le cuire 2 minutes.<\/p><p>Ajouter le jambon, bien remuer et retirer de la casserole pour laisser refroidir.<\/p><p>Dans un r\u00e9cipient battre l&#8217;\u0153uf, le lait, la cr\u00e8me et les herbes hach\u00e9es.<\/p><p>Incorporer le fromage r\u00e2p\u00e9, la mozzarella d\u00e9taill\u00e9e en petits cubes et le jambon.<\/p><p>Verser cette pr\u00e9paration sur les p\u00e2tes et enfourner pendant 35 \u00e0 40 minutes.<\/p>\t\t\t\t\t<\/div>\n\t\t\t\t\t\t<\/div>\n\t\t\t\t<\/div>\n\t\t\t\t<div class=\"elementor-element elementor-element-2071de2 elementor-align-center elementor-widget elementor-widget-button\" data-id=\"2071de2\" data-element_type=\"widget\" data-widget_type=\"button.default\">\n\t\t\t\t<div class=\"elementor-widget-container\">\n\t\t\t\t\t<div class=\"elementor-button-wrapper\">\n\t\t\t<a href=\"https:\/\/old.la-cabane-a-farine.fr\/wp-content\/uploads\/2023\/01\/Pates-depeautre-au-four-lard-et-jambon-hache-mozzarella.pdf\" class=\"elementor-button-link elementor-button elementor-size-sm\" role=\"button\">\n\t\t\t\t\t\t<span class=\"elementor-button-content-wrapper\">\n\t\t\t\t\t\t<span class=\"elementor-button-text\">Version imprimable<\/span>\n\t\t<\/span>\n\t\t\t\t\t<\/a>\n\t\t<\/div>\n\t\t\t\t<\/div>\n\t\t\t\t<\/div>\n\t\t\t\t\t\t<\/div>\n\t\t\t\t\t<\/div>\n\t\t<\/div>\n\t\t\t\t\t\t\t\t<\/div>\n\t\t\t\t\t<\/div>\n\t\t<\/section>\n\t\t\t\t\t\t<\/div>\n\t\t\t\t\t\t<\/div>\n\t\t\t\t\t<\/div>\n\t\t","protected":false},"excerpt":{"rendered":"<p>P\u00e2tes d&#8217;\u00e9peautre au four, lard et jambon hach\u00e9, mozzarella Ingr\u00e9dients pour 4 personnes 250 g de p\u00e2tes \u00e0 l&#8217;\u00e9peautre 1 oignon \u00e9minc\u00e9 Huile de colza 125 g de lard hach\u00e9 125 g de jambon hach\u00e9 4 \u0153ufs\u00a0 250 g de lait 250 g de cr\u00e8me liquide Herbes fra\u00eeches cisel\u00e9es 125<\/p>\n","protected":false},"author":26,"featured_media":0,"comment_status":"closed","ping_status":"open","sticky":false,"template":"","format":"standard","meta":[],"categories":[49],"tags":[],"acf":[],"aioseo_notices":[],"_links":{"self":[{"href":"https:\/\/old.la-cabane-a-farine.fr\/nov-apijson\/wp\/v2\/posts\/3129"}],"collection":[{"href":"https:\/\/old.la-cabane-a-farine.fr\/nov-apijson\/wp\/v2\/posts"}],"about":[{"href":"https:\/\/old.la-cabane-a-farine.fr\/nov-apijson\/wp\/v2\/types\/post"}],"author":[{"embeddable":true,"href":"https:\/\/old.la-cabane-a-farine.fr\/nov-apijson\/wp\/v2\/users\/26"}],"replies":[{"embeddable":true,"href":"https:\/\/old.la-cabane-a-farine.fr\/nov-apijson\/wp\/v2\/comments?post=3129"}],"version-history":[{"count":13,"href":"https:\/\/old.la-cabane-a-farine.fr\/nov-apijson\/wp\/v2\/posts\/3129\/revisions"}],"predecessor-version":[{"id":3151,"href":"https:\/\/old.la-cabane-a-farine.fr\/nov-apijson\/wp\/v2\/posts\/3129\/revisions\/3151"}],"wp:attachment":[{"href":"https:\/\/old.la-cabane-a-farine.fr\/nov-apijson\/wp\/v2\/media?parent=3129"}],"wp:term":[{"taxonomy":"category","embeddable":true,"href":"https:\/\/old.la-cabane-a-farine.fr\/nov-apijson\/wp\/v2\/categories?post=3129"},{"taxonomy":"post_tag","embeddable":true,"href":"https:\/\/old.la-cabane-a-farine.fr\/nov-apijson\/wp\/v2\/tags?post=3129"}],"curies":[{"name":"wp","href":"https:\/\/api.w.org\/{rel}","templated":true}]}}