{"id":3066,"date":"2023-01-18T17:52:32","date_gmt":"2023-01-18T16:52:32","guid":{"rendered":"https:\/\/la-cabane-a-farine.fr\/?p=3066"},"modified":"2023-01-19T16:13:42","modified_gmt":"2023-01-19T15:13:42","slug":"risotto-depeautre-dete","status":"publish","type":"post","link":"https:\/\/old.la-cabane-a-farine.fr\/2023\/01\/18\/risotto-depeautre-dete\/","title":{"rendered":"Risotto d&#8217;\u00e9peautre d&#8217;\u00e9t\u00e9"},"content":{"rendered":"\t\t<div data-elementor-type=\"wp-post\" data-elementor-id=\"3066\" class=\"elementor elementor-3066\" data-elementor-settings=\"[]\">\n\t\t\t\t\t\t<div class=\"elementor-inner\">\n\t\t\t\t\t\t\t<div class=\"elementor-section-wrap\">\n\t\t\t\t\t\t\t<section class=\"elementor-section elementor-top-section elementor-element elementor-element-a967ffb elementor-section-boxed elementor-section-height-default elementor-section-height-default wpr-particle-no wpr-jarallax-no wpr-parallax-no wpr-sticky-section-no\" data-id=\"a967ffb\" data-element_type=\"section\">\n\t\t\t\t\t\t<div class=\"elementor-container elementor-column-gap-default\">\n\t\t\t\t\t\t\t<div class=\"elementor-row\">\n\t\t\t\t\t<div class=\"elementor-column elementor-col-100 elementor-top-column elementor-element elementor-element-5a737c8\" data-id=\"5a737c8\" data-element_type=\"column\">\n\t\t\t<div class=\"elementor-column-wrap elementor-element-populated\">\n\t\t\t\t\t\t\t<div class=\"elementor-widget-wrap\">\n\t\t\t\t\t\t<div class=\"elementor-element elementor-element-456889d elementor-widget elementor-widget-heading\" data-id=\"456889d\" data-element_type=\"widget\" data-widget_type=\"heading.default\">\n\t\t\t\t<div class=\"elementor-widget-container\">\n\t\t\t<h2 class=\"elementor-heading-title elementor-size-default\">Risotto d'\u00e9peautre d'\u00e9t\u00e9<\/h2>\t\t<\/div>\n\t\t\t\t<\/div>\n\t\t\t\t<div class=\"elementor-element elementor-element-c27f53e elementor-widget elementor-widget-image\" data-id=\"c27f53e\" data-element_type=\"widget\" data-widget_type=\"image.default\">\n\t\t\t\t<div class=\"elementor-widget-container\">\n\t\t\t\t\t\t\t\t<div class=\"elementor-image\">\n\t\t\t\t\t\t\t\t\t\t\t\t<img width=\"300\" height=\"225\" src=\"https:\/\/old.la-cabane-a-farine.fr\/wp-content\/uploads\/2022\/11\/Risotto-depeautre-dete-300x225.jpg\" class=\"attachment-medium size-medium\" alt=\"\" srcset=\"https:\/\/old.la-cabane-a-farine.fr\/wp-content\/uploads\/2022\/11\/Risotto-depeautre-dete-300x225.jpg 300w, https:\/\/old.la-cabane-a-farine.fr\/wp-content\/uploads\/2022\/11\/Risotto-depeautre-dete-768x576.jpg 768w, https:\/\/old.la-cabane-a-farine.fr\/wp-content\/uploads\/2022\/11\/Risotto-depeautre-dete-600x450.jpg 600w, https:\/\/old.la-cabane-a-farine.fr\/wp-content\/uploads\/2022\/11\/Risotto-depeautre-dete.jpg 1000w\" sizes=\"(max-width: 300px) 100vw, 300px\" \/>\t\t\t\t\t\t\t\t\t\t\t\t\t\t<\/div>\n\t\t\t\t\t\t<\/div>\n\t\t\t\t<\/div>\n\t\t\t\t<div class=\"elementor-element elementor-element-bd3028c elementor-widget elementor-widget-text-editor\" data-id=\"bd3028c\" data-element_type=\"widget\" data-widget_type=\"text-editor.default\">\n\t\t\t\t<div class=\"elementor-widget-container\">\n\t\t\t\t\t\t\t\t<div class=\"elementor-text-editor elementor-clearfix\">\n\t\t\t\t<p style=\"text-align: center;\">Ingr\u00e9dients pour 6 personnes &#8211; Temps de cuisson : 45 minutes<\/p>\t\t\t\t\t<\/div>\n\t\t\t\t\t\t<\/div>\n\t\t\t\t<\/div>\n\t\t\t\t<section class=\"elementor-section elementor-inner-section elementor-element elementor-element-bc2e640 elementor-section-boxed elementor-section-height-default elementor-section-height-default wpr-particle-no wpr-jarallax-no wpr-parallax-no wpr-sticky-section-no\" data-id=\"bc2e640\" data-element_type=\"section\">\n\t\t\t\t\t\t<div class=\"elementor-container elementor-column-gap-default\">\n\t\t\t\t\t\t\t<div class=\"elementor-row\">\n\t\t\t\t\t<div class=\"elementor-column elementor-col-50 elementor-inner-column elementor-element elementor-element-90e70cb\" data-id=\"90e70cb\" data-element_type=\"column\">\n\t\t\t<div class=\"elementor-column-wrap elementor-element-populated\">\n\t\t\t\t\t\t\t<div class=\"elementor-widget-wrap\">\n\t\t\t\t\t\t<div class=\"elementor-element elementor-element-0ecdd03 elementor-widget elementor-widget-text-editor\" data-id=\"0ecdd03\" data-element_type=\"widget\" data-widget_type=\"text-editor.default\">\n\t\t\t\t<div class=\"elementor-widget-container\">\n\t\t\t\t\t\t\t\t<div class=\"elementor-text-editor elementor-clearfix\">\n\t\t\t\t<ul><li>300 g d&#8217;<a href=\"https:\/\/old.la-cabane-a-farine.fr\/produit\/epeaurito\/\" target=\"_blank\" rel=\"noopener\">\u00e9peau&#8217;rito<\/a><\/li><li><span style=\"font-size: inherit;\">1,5 L de bouillon de l\u00e9gumes<\/span><\/li><li>1 oignon<\/li><li><span style=\"font-size: inherit;\">1 gousse d&#8217;ail<\/span><\/li><li><span style=\"font-size: inherit;\">2 petites courgettes<\/span><\/li><\/ul>\t\t\t\t\t<\/div>\n\t\t\t\t\t\t<\/div>\n\t\t\t\t<\/div>\n\t\t\t\t\t\t<\/div>\n\t\t\t\t\t<\/div>\n\t\t<\/div>\n\t\t\t\t<div class=\"elementor-column elementor-col-50 elementor-inner-column elementor-element elementor-element-477ea41\" data-id=\"477ea41\" data-element_type=\"column\">\n\t\t\t<div class=\"elementor-column-wrap elementor-element-populated\">\n\t\t\t\t\t\t\t<div class=\"elementor-widget-wrap\">\n\t\t\t\t\t\t<div class=\"elementor-element elementor-element-5557a60 elementor-widget elementor-widget-text-editor\" data-id=\"5557a60\" data-element_type=\"widget\" data-widget_type=\"text-editor.default\">\n\t\t\t\t<div class=\"elementor-widget-container\">\n\t\t\t\t\t\t\t\t<div class=\"elementor-text-editor elementor-clearfix\">\n\t\t\t\t<ul><li><span style=\"font-size: inherit;\">1 bocal de tomates s\u00e9ch\u00e9es<\/span><\/li><li><span style=\"font-size: inherit;\">200 g de f\u00e9ta<\/span><\/li><li><span style=\"font-size: inherit;\">Huile d&#8217;olive<\/span><\/li><li><span style=\"font-size: inherit;\">Sel \/ Poivre<\/span><\/li><li><span style=\"font-size: inherit;\">Basilic frais\u00a0<\/span><\/li><\/ul>\t\t\t\t\t<\/div>\n\t\t\t\t\t\t<\/div>\n\t\t\t\t<\/div>\n\t\t\t\t\t\t<\/div>\n\t\t\t\t\t<\/div>\n\t\t<\/div>\n\t\t\t\t\t\t\t\t<\/div>\n\t\t\t\t\t<\/div>\n\t\t<\/section>\n\t\t\t\t<div class=\"elementor-element elementor-element-b591701 elementor-widget elementor-widget-text-editor\" data-id=\"b591701\" data-element_type=\"widget\" data-widget_type=\"text-editor.default\">\n\t\t\t\t<div class=\"elementor-widget-container\">\n\t\t\t\t\t\t\t\t<div class=\"elementor-text-editor elementor-clearfix\">\n\t\t\t\t<p>Pr\u00e9parer 1,5 L de bouillon de l\u00e9gumes.<\/p><p>Dans une sauteuse, faire revenir l&#8217;<a href=\"https:\/\/old.la-cabane-a-farine.fr\/produit\/epeaurito\/\" target=\"_blank\" rel=\"noopener\">\u00e9peau&#8217;rito<\/a> quelques secondes dans un filet d&#8217;huile d&#8217;olive afin que tous les grains soient enrob\u00e9s de mati\u00e8re grasse.<\/p><p>Mouillez avec le bouillon en proc\u00e9dant comme pour un risotto classique : ajouter louche par louche en attendant \u00e0 chaque fois que l&#8217;<a href=\"https:\/\/old.la-cabane-a-farine.fr\/produit\/epeaurito\/\" target=\"_blank\" rel=\"noopener\">\u00e9peau&#8217;rito<\/a> ait absorb\u00e9 tout le liquide.<\/p><p>Renouvelez l&#8217;op\u00e9ration jusqu&#8217;\u00e0 cuisson compl\u00e8te de l&#8217;<a href=\"https:\/\/old.la-cabane-a-farine.fr\/produit\/epeaurito\/\" target=\"_blank\" rel=\"noopener\">\u00e9peau&#8217;rito<\/a> (45 minutes environ).<\/p><p>En parall\u00e8le, hacher les oignons et les faire revenir dans une po\u00eale \u00e0 fau doux avec un filet d&#8217;huile d&#8217;olive jusqu&#8217;\u00e0 ce qu&#8217;ils soient l\u00e9g\u00e8rement translucides.<\/p><p>Ajouter les courgettes et les tomates s\u00e9ch\u00e9es coup\u00e9es en petits d\u00e9s ainsi que l&#8217;ail hach\u00e9 finement.<\/p><p>Laissez cuire une dizaine de minutes \u00e0 feu doux et r\u00e9server.<\/p><p>Ajouter ce m\u00e9lange \u00e0 l&#8217;<a href=\"https:\/\/old.la-cabane-a-farine.fr\/produit\/epeaurito\/\" target=\"_blank\" rel=\"noopener\">\u00e9peau&#8217;rito<\/a> 15 minutes avant la fin de la cuisson de celui-ci.<\/p><p>Avant de dresser, ajouter la f\u00e9ta coup\u00e9e en d\u00e9s ainsi que le basilic finement cisel\u00e9.<\/p><p><strong>Astuce !<\/strong> Pour gagner une dizaine de minutes sur le temps de cuisson, laissez tremper l&#8217;<a href=\"https:\/\/old.la-cabane-a-farine.fr\/produit\/epeaurito\/\" target=\"_blank\" rel=\"noopener\">\u00e9peau&#8217;rito<\/a> toute une nuit dans un grand volume d&#8217;eau froide<\/p>\t\t\t\t\t<\/div>\n\t\t\t\t\t\t<\/div>\n\t\t\t\t<\/div>\n\t\t\t\t<div class=\"elementor-element elementor-element-c6fb674 elementor-align-center elementor-widget elementor-widget-button\" data-id=\"c6fb674\" data-element_type=\"widget\" data-widget_type=\"button.default\">\n\t\t\t\t<div class=\"elementor-widget-container\">\n\t\t\t\t\t<div class=\"elementor-button-wrapper\">\n\t\t\t<a href=\"https:\/\/old.la-cabane-a-farine.fr\/wp-content\/uploads\/2023\/01\/Risotto-depeautre-dete.pdf\" target=\"_blank\" class=\"elementor-button-link elementor-button elementor-size-sm\" role=\"button\">\n\t\t\t\t\t\t<span class=\"elementor-button-content-wrapper\">\n\t\t\t\t\t\t<span class=\"elementor-button-text\">Version imprimable<\/span>\n\t\t<\/span>\n\t\t\t\t\t<\/a>\n\t\t<\/div>\n\t\t\t\t<\/div>\n\t\t\t\t<\/div>\n\t\t\t\t\t\t<\/div>\n\t\t\t\t\t<\/div>\n\t\t<\/div>\n\t\t\t\t\t\t\t\t<\/div>\n\t\t\t\t\t<\/div>\n\t\t<\/section>\n\t\t\t\t\t\t<\/div>\n\t\t\t\t\t\t<\/div>\n\t\t\t\t\t<\/div>\n\t\t","protected":false},"excerpt":{"rendered":"<p>Risotto d&#8217;\u00e9peautre d&#8217;\u00e9t\u00e9 Ingr\u00e9dients pour 6 personnes &#8211; Temps de cuisson : 45 minutes 300 g d&#8217;\u00e9peau&#8217;rito 1,5 L de bouillon de l\u00e9gumes 1 oignon 1 gousse d&#8217;ail 2 petites courgettes 1 bocal de tomates s\u00e9ch\u00e9es 200 g de f\u00e9ta Huile d&#8217;olive Sel \/ Poivre Basilic frais\u00a0 Pr\u00e9parer 1,5 L<\/p>\n","protected":false},"author":26,"featured_media":3067,"comment_status":"closed","ping_status":"open","sticky":false,"template":"","format":"standard","meta":[],"categories":[49],"tags":[],"acf":[],"aioseo_notices":[],"_links":{"self":[{"href":"https:\/\/old.la-cabane-a-farine.fr\/nov-apijson\/wp\/v2\/posts\/3066"}],"collection":[{"href":"https:\/\/old.la-cabane-a-farine.fr\/nov-apijson\/wp\/v2\/posts"}],"about":[{"href":"https:\/\/old.la-cabane-a-farine.fr\/nov-apijson\/wp\/v2\/types\/post"}],"author":[{"embeddable":true,"href":"https:\/\/old.la-cabane-a-farine.fr\/nov-apijson\/wp\/v2\/users\/26"}],"replies":[{"embeddable":true,"href":"https:\/\/old.la-cabane-a-farine.fr\/nov-apijson\/wp\/v2\/comments?post=3066"}],"version-history":[{"count":19,"href":"https:\/\/old.la-cabane-a-farine.fr\/nov-apijson\/wp\/v2\/posts\/3066\/revisions"}],"predecessor-version":[{"id":3141,"href":"https:\/\/old.la-cabane-a-farine.fr\/nov-apijson\/wp\/v2\/posts\/3066\/revisions\/3141"}],"wp:featuredmedia":[{"embeddable":true,"href":"https:\/\/old.la-cabane-a-farine.fr\/nov-apijson\/wp\/v2\/media\/3067"}],"wp:attachment":[{"href":"https:\/\/old.la-cabane-a-farine.fr\/nov-apijson\/wp\/v2\/media?parent=3066"}],"wp:term":[{"taxonomy":"category","embeddable":true,"href":"https:\/\/old.la-cabane-a-farine.fr\/nov-apijson\/wp\/v2\/categories?post=3066"},{"taxonomy":"post_tag","embeddable":true,"href":"https:\/\/old.la-cabane-a-farine.fr\/nov-apijson\/wp\/v2\/tags?post=3066"}],"curies":[{"name":"wp","href":"https:\/\/api.w.org\/{rel}","templated":true}]}}