{"id":2379,"date":"2022-09-15T17:55:25","date_gmt":"2022-09-15T15:55:25","guid":{"rendered":"https:\/\/la-cabane-a-farine.fr\/?p=2379"},"modified":"2022-09-28T09:39:48","modified_gmt":"2022-09-28T07:39:48","slug":"conges-annuels","status":"publish","type":"post","link":"https:\/\/old.la-cabane-a-farine.fr\/2022\/09\/15\/conges-annuels\/","title":{"rendered":"CONG\u00c9 ANNUEL"},"content":{"rendered":"\t\t<div data-elementor-type=\"wp-post\" data-elementor-id=\"2379\" class=\"elementor elementor-2379\" data-elementor-settings=\"[]\">\n\t\t\t\t\t\t<div class=\"elementor-inner\">\n\t\t\t\t\t\t\t<div class=\"elementor-section-wrap\">\n\t\t\t\t\t\t\t<section class=\"elementor-section elementor-top-section elementor-element elementor-element-a42d394 elementor-section-boxed elementor-section-height-default elementor-section-height-default wpr-particle-no wpr-jarallax-no wpr-parallax-no wpr-sticky-section-no\" data-id=\"a42d394\" data-element_type=\"section\">\n\t\t\t\t\t\t<div class=\"elementor-container elementor-column-gap-default\">\n\t\t\t\t\t\t\t<div class=\"elementor-row\">\n\t\t\t\t\t<div class=\"elementor-column elementor-col-100 elementor-top-column elementor-element elementor-element-18eb07d\" data-id=\"18eb07d\" data-element_type=\"column\">\n\t\t\t<div class=\"elementor-column-wrap elementor-element-populated\">\n\t\t\t\t\t\t\t<div class=\"elementor-widget-wrap\">\n\t\t\t\t\t\t<div class=\"elementor-element elementor-element-eaa8fa0 elementor-widget elementor-widget-image\" data-id=\"eaa8fa0\" data-element_type=\"widget\" data-widget_type=\"image.default\">\n\t\t\t\t<div class=\"elementor-widget-container\">\n\t\t\t\t\t\t\t\t<div class=\"elementor-image\">\n\t\t\t\t\t\t\t\t\t\t\t\t<img width=\"540\" height=\"360\" src=\"https:\/\/old.la-cabane-a-farine.fr\/wp-content\/uploads\/2022\/09\/ferme-pour-conges-annuels.jpg\" class=\"attachment-large size-large\" alt=\"fermeture pour cong\u00e9 annuel de la cabane a farine a dessenheim du 10 au 23 octobre 2022\" srcset=\"https:\/\/old.la-cabane-a-farine.fr\/wp-content\/uploads\/2022\/09\/ferme-pour-conges-annuels.jpg 540w, https:\/\/old.la-cabane-a-farine.fr\/wp-content\/uploads\/2022\/09\/ferme-pour-conges-annuels-300x200.jpg 300w, https:\/\/old.la-cabane-a-farine.fr\/wp-content\/uploads\/2022\/09\/ferme-pour-conges-annuels-360x240.jpg 360w\" sizes=\"(max-width: 540px) 100vw, 540px\" \/>\t\t\t\t\t\t\t\t\t\t\t\t\t\t<\/div>\n\t\t\t\t\t\t<\/div>\n\t\t\t\t<\/div>\n\t\t\t\t<div class=\"elementor-element elementor-element-59d7efb elementor-widget elementor-widget-text-editor\" data-id=\"59d7efb\" data-element_type=\"widget\" data-widget_type=\"text-editor.default\">\n\t\t\t\t<div class=\"elementor-widget-container\">\n\t\t\t\t\t\t\t\t<div class=\"elementor-text-editor elementor-clearfix\">\n\t\t\t\t<div style=\"overflow-wrap: break-word; margin: 0.5em 0px 0px; white-space: pre-wrap; font-family: 'Segoe UI Historic', 'Segoe UI', Helvetica, Arial, sans-serif; color: #050505; font-size: 15px;\">\n<div dir=\"auto\" style=\"font-family: inherit;\">Il y plusieurs types de vacanciers <span style=\"width: 16px; vertical-align: middle; height: 16px; margin: 0px 1px; display: inline-flex; font-family: inherit;\"><img height=\"16\" width=\"16\" alt=\"\ud83c\udfdd\" referrerpolicy=\"origin-when-cross-origin\" src=\"https:\/\/static.xx.fbcdn.net\/images\/emoji.php\/v9\/t8b\/1\/16\/1f3dd.png\" style=\"border-width: 0px; border-style: initial;\"><\/span>: les Juilletistes qui aiment \u00eatre les premiers <span style=\"width: 16px; vertical-align: middle; height: 16px; margin: 0px 1px; display: inline-flex; font-family: inherit;\"><img height=\"16\" width=\"16\" alt=\"\u26f1\" referrerpolicy=\"origin-when-cross-origin\" src=\"https:\/\/static.xx.fbcdn.net\/images\/emoji.php\/v9\/t78\/1\/16\/26f1.png\" style=\"border-width: 0px; border-style: initial;\"><\/span> les Ao\u00fbtiens qui aiment la chaleur <span style=\"width: 16px; vertical-align: middle; height: 16px; margin: 0px 1px; display: inline-flex; font-family: inherit;\"><img height=\"16\" width=\"16\" alt=\"\u2600\ufe0f\" referrerpolicy=\"origin-when-cross-origin\" src=\"https:\/\/static.xx.fbcdn.net\/images\/emoji.php\/v9\/t6d\/1\/16\/2600.png\" style=\"border-width: 0px; border-style: initial;\"><\/span> et les Septembristes qui aiment avoir la plage peur eux tous seuls <span style=\"width: 16px; vertical-align: middle; height: 16px; margin: 0px 1px; display: inline-flex; font-family: inherit;\"><img height=\"16\" width=\"16\" alt=\"\ud83c\udfd6\" referrerpolicy=\"origin-when-cross-origin\" src=\"https:\/\/static.xx.fbcdn.net\/images\/emoji.php\/v9\/t5d\/1\/16\/1f3d6.png\" style=\"border-width: 0px; border-style: initial;\"><\/span><\/div>\n<div dir=\"auto\" style=\"font-family: inherit;\">Eh bien nous, nous sommes plut\u00f4t \u00ab Octobristes \u00bb<span style=\"width: 16px; vertical-align: middle; height: 16px; margin: 0px 1px; display: inline-flex; font-family: inherit;\"><img height=\"16\" width=\"16\" alt=\"\ud83c\udf41\" referrerpolicy=\"origin-when-cross-origin\" src=\"https:\/\/static.xx.fbcdn.net\/images\/emoji.php\/v9\/t8\/1\/16\/1f341.png\" style=\"border-width: 0px; border-style: initial;\"><\/span><\/div>\n<\/div>\n<div style=\"overflow-wrap: break-word; margin: 0.5em 0px 0px; white-space: pre-wrap; font-family: 'Segoe UI Historic', 'Segoe UI', Helvetica, Arial, sans-serif; color: #050505; font-size: 15px;\">\n<div dir=\"auto\" style=\"font-family: inherit;\">Apr\u00e8s un \u00e9t\u00e9 et une rentr\u00e9e bien remplis <span style=\"width: 16px; vertical-align: middle; height: 16px; margin: 0px 1px; display: inline-flex; font-family: inherit;\"><img height=\"16\" width=\"16\" alt=\"\ud83d\ude9c\" referrerpolicy=\"origin-when-cross-origin\" src=\"https:\/\/static.xx.fbcdn.net\/images\/emoji.php\/v9\/t18\/1\/16\/1f69c.png\" style=\"border-width: 0px; border-style: initial;\"><\/span> nous serons absents pour quelques jours de repos bien m\u00e9rit\u00e9s <span style=\"width: 16px; vertical-align: middle; height: 16px; margin: 0px 1px; display: inline-flex; font-family: inherit;\"><img height=\"16\" width=\"16\" alt=\"\u263a\ufe0f\" referrerpolicy=\"origin-when-cross-origin\" src=\"https:\/\/static.xx.fbcdn.net\/images\/emoji.php\/v9\/tfb\/1\/16\/263a.png\" style=\"border-width: 0px; border-style: initial;\"><\/span><\/div>\n<\/div>\n<div style=\"overflow-wrap: break-word; margin: 0.5em 0px 0px; white-space: pre-wrap; font-family: 'Segoe UI Historic', 'Segoe UI', Helvetica, Arial, sans-serif; color: #050505; font-size: 15px;\">\n<div dir=\"auto\" style=\"font-family: inherit; text-align: center;\">La cabane \u00e0 farine sera donc ferm\u00e9e pour<\/div>\n<\/div>\n<div style=\"overflow-wrap: break-word; margin: 0.5em 0px 0px; white-space: pre-wrap; font-family: 'Segoe UI Historic', 'Segoe UI', Helvetica, Arial, sans-serif; color: #050505; font-size: 15px;\">\n<div dir=\"auto\" style=\"font-family: inherit; text-align: center;\"><strong><span style=\"text-decoration: underline;\"><span style=\"color: #ff0000; text-decoration: underline;\">CONG\u00c9 ANNUEL<\/span><\/span><\/strong><\/div>\n<div dir=\"auto\" style=\"font-family: inherit; text-align: center;\"><strong><span style=\"text-decoration: underline;\"><span style=\"color: #ff0000; text-decoration: underline;\">DU 10 au 23 OCTOBRE 2022<\/span><\/span><\/strong><\/div>\n<div dir=\"auto\" style=\"font-family: inherit;\"><span style=\"width: 16px; vertical-align: middle; height: 16px; margin: 0px 1px; display: inline-flex; font-family: inherit;\"><img height=\"16\" width=\"16\" alt=\"\ud83c\udf79\" referrerpolicy=\"origin-when-cross-origin\" src=\"https:\/\/static.xx.fbcdn.net\/images\/emoji.php\/v9\/ted\/1\/16\/1f379.png\" style=\"border-width: 0px; border-style: initial;\" class=\"aligncenter\"><\/span><\/div>\n<\/div>\n<div style=\"overflow-wrap: break-word; margin: 0.5em 0px 0px; white-space: pre-wrap; font-family: 'Segoe UI Historic', 'Segoe UI', Helvetica, Arial, sans-serif; color: #050505; font-size: 15px;\">\n<div dir=\"auto\" style=\"font-family: inherit;\">Il n\u2019y aura pas de vente directe \u00e0 la ferme pendant cette p\u00e9riode ni de production de pain <span style=\"width: 16px; vertical-align: middle; height: 16px; margin: 0px 1px; display: inline-flex; font-family: inherit;\"><img height=\"16\" width=\"16\" alt=\"\ud83e\udd56\" referrerpolicy=\"origin-when-cross-origin\" src=\"https:\/\/static.xx.fbcdn.net\/images\/emoji.php\/v9\/tb2\/1\/16\/1f956.png\" style=\"border-width: 0px; border-style: initial;\"><\/span><\/div>\n<\/div>\n<div style=\"overflow-wrap: break-word; margin: 0.5em 0px 0px; white-space: pre-wrap; font-family: 'Segoe UI Historic', 'Segoe UI', Helvetica, Arial, sans-serif; color: #050505; font-size: 15px;\">\n<div dir=\"auto\" style=\"font-family: inherit;\">Pensez \u00e0 faire vos stock \u00e0 l\u2019avance <span style=\"width: 16px; vertical-align: middle; height: 16px; margin: 0px 1px; display: inline-flex; font-family: inherit;\"><img height=\"16\" width=\"16\" alt=\"\ud83d\ude09\" referrerpolicy=\"origin-when-cross-origin\" src=\"https:\/\/static.xx.fbcdn.net\/images\/emoji.php\/v9\/t57\/1\/16\/1f609.png\" style=\"border-width: 0px; border-style: initial;\"><\/span><\/div>\n<\/div>\n<div style=\"overflow-wrap: break-word; margin: 0.5em 0px 0px; white-space: pre-wrap; font-family: 'Segoe UI Historic', 'Segoe UI', Helvetica, Arial, sans-serif; color: #050505; font-size: 15px;\">\n<div dir=\"auto\" style=\"font-family: inherit;\">Nous vous retrouverons \u00e0 nouveau avec le plus grand plaisir \u00e0 partir du 24 OCTOBRE 2022 <span style=\"width: 16px; vertical-align: middle; height: 16px; margin: 0px 1px; display: inline-flex; font-family: inherit;\"><img height=\"16\" width=\"16\" alt=\"\ud83d\ude03\" referrerpolicy=\"origin-when-cross-origin\" src=\"https:\/\/static.xx.fbcdn.net\/images\/emoji.php\/v9\/t51\/1\/16\/1f603.png\" style=\"border-width: 0px; border-style: initial;\"><\/span><\/div>\n<\/div>\t\t\t\t\t<\/div>\n\t\t\t\t\t\t<\/div>\n\t\t\t\t<\/div>\n\t\t\t\t\t\t<\/div>\n\t\t\t\t\t<\/div>\n\t\t<\/div>\n\t\t\t\t\t\t\t\t<\/div>\n\t\t\t\t\t<\/div>\n\t\t<\/section>\n\t\t\t\t\t\t<\/div>\n\t\t\t\t\t\t<\/div>\n\t\t\t\t\t<\/div>\n\t\t","protected":false},"excerpt":{"rendered":"<p>La cabane \u00e0 farine sera ferm\u00e9e pour cong\u00e9s annuels du 10 au 23 OCTOBRE 2022<\/p>\n","protected":false},"author":26,"featured_media":2486,"comment_status":"closed","ping_status":"open","sticky":false,"template":"","format":"standard","meta":[],"categories":[1],"tags":[],"acf":[],"aioseo_notices":[],"_links":{"self":[{"href":"https:\/\/old.la-cabane-a-farine.fr\/nov-apijson\/wp\/v2\/posts\/2379"}],"collection":[{"href":"https:\/\/old.la-cabane-a-farine.fr\/nov-apijson\/wp\/v2\/posts"}],"about":[{"href":"https:\/\/old.la-cabane-a-farine.fr\/nov-apijson\/wp\/v2\/types\/post"}],"author":[{"embeddable":true,"href":"https:\/\/old.la-cabane-a-farine.fr\/nov-apijson\/wp\/v2\/users\/26"}],"replies":[{"embeddable":true,"href":"https:\/\/old.la-cabane-a-farine.fr\/nov-apijson\/wp\/v2\/comments?post=2379"}],"version-history":[{"count":14,"href":"https:\/\/old.la-cabane-a-farine.fr\/nov-apijson\/wp\/v2\/posts\/2379\/revisions"}],"predecessor-version":[{"id":2773,"href":"https:\/\/old.la-cabane-a-farine.fr\/nov-apijson\/wp\/v2\/posts\/2379\/revisions\/2773"}],"wp:featuredmedia":[{"embeddable":true,"href":"https:\/\/old.la-cabane-a-farine.fr\/nov-apijson\/wp\/v2\/media\/2486"}],"wp:attachment":[{"href":"https:\/\/old.la-cabane-a-farine.fr\/nov-apijson\/wp\/v2\/media?parent=2379"}],"wp:term":[{"taxonomy":"category","embeddable":true,"href":"https:\/\/old.la-cabane-a-farine.fr\/nov-apijson\/wp\/v2\/categories?post=2379"},{"taxonomy":"post_tag","embeddable":true,"href":"https:\/\/old.la-cabane-a-farine.fr\/nov-apijson\/wp\/v2\/tags?post=2379"}],"curies":[{"name":"wp","href":"https:\/\/api.w.org\/{rel}","templated":true}]}}